{"id":281,"__str__":"Indica\u00e7\u00e3o n\u00ba 1 de 2026","link_detail_backend":"/materia/281","metadata":{"signs":{"texto_original":{"admin":[],"autores":[["Rogerio Amaral Vilanova",["2026-04-24T10:38:06-03:00","Gov-Br"]]]}}},"numero":1,"ano":2026,"numero_protocolo":7,"data_apresentacao":"2026-04-24","tipo_apresentacao":"","data_publicacao":null,"numero_origem_externa":"","ano_origem_externa":null,"data_origem_externa":null,"apelido":"","dias_prazo":null,"data_fim_prazo":null,"em_tramitacao":true,"polemica":false,"objeto":"","complementar":false,"ementa":"Indica ao chefe do poder Executivo, Sr.\r\nDejair Lima de Sousa, a cria\u00e7\u00e3o e implementa\u00e7\u00e3o do Projeto \"Minha Rua existe e tem nome e minha casa tem n\u00famero ( modelo em anexo)","indexacao":"","observacao":"","resultado":"","texto_original":"http://sapl.jardimdomulato.pi.leg.br/media/sapl/public/materialegislativa/2026/281/indicacao_01.docx_assinado.pdf","data_ultima_atualizacao":"2026-04-24T10:49:13.266356-03:00","ip":"","ultima_edicao":null,"tipo":8,"regime_tramitacao":1,"tipo_origem_externa":null,"local_origem_externa":null,"user":null,"anexadas":[],"autores":[29]}