{"headers": {"id": "ID", "ano": "Ano", "numero": "N\u00famero", "tipo__sigla": "Tipo de Mat\u00e9ria Legislativa/Sigla", "tipo__descricao": "Tipo de Mat\u00e9ria Legislativa/Descri\u00e7\u00e3o", "autoria": "Autorias", "texto_original": "Texto Original", "ementa": "Ementa"}, "results": [{"id": "3", "ano": "2015", "numero": "3", "tipo__sigla": "IND", "tipo__descricao": "Indica\u00e7\u00e3o", "autoria": "Hildo", "texto_original": "http://sapl.jardimdomulato.pi.leg.br/media/", "ementa": "INDICO \u00c0 SR. PREFEITO MUNICIPAL, OUVIDO O PLEN\u00c1RIO, PARA QUE PROVIDENCIE A CONSTRU\u00c7\u00c3O DE CAL\u00c7AMENTO NA RUA PROJETADA, NO BAIRRO MULATO DOS VELOSOS "}, {"id": "2", "ano": "2015", "numero": "1", "tipo__sigla": "PDL", "tipo__descricao": "Projeto de Decreto Legislativo", "autoria": "Nalianio Neiva ", "texto_original": "http://sapl.jardimdomulato.pi.leg.br/media/", "ementa": "INSTITUI O DIA MUNICIPAL DOS PESCADORES NO \u00c2MBITO DO MUNIC\u00cdPIO DE JARDIM DO MULATO, A SER COMEMORADO NO DIA 29 DE JUNHO E D\u00c1 OUTRAS PROVID\u00caNCIAS."}, {"id": "4", "ano": "2015", "numero": "4", "tipo__sigla": "PLO", "tipo__descricao": "Projeto de Lei Ordin\u00e1ria", "autoria": "", "texto_original": "http://sapl.jardimdomulato.pi.leg.br/media/", "ementa": "INSTITUI\u00c7\u00c3O DO SISTEMA DE TRANSPORTE DE PACIENTES A PROCEDIMENTOS ELETIVOS NO ESTADO DO PIAU\u00cd - STPPE NO TERRIT\u00d3RIO ENTRE-RIOS, E D\u00c1 OUTRAS PROVID\u00caNCIAS.    "}, {"id": "5", "ano": "2015", "numero": "5", "tipo__sigla": "PLO", "tipo__descricao": "Projeto de Lei Ordin\u00e1ria", "autoria": "Nalianio Neiva ", "texto_original": "http://sapl.jardimdomulato.pi.leg.br/media/", "ementa": "DISP\u00d5E SOBRE A CONSTITUI\u00c7\u00c3O DO SERVI\u00c7O DE INSPE\u00c7\u00c3O MUNICIPAL NO MUNIC\u00cdPIO DE JARDIM DO MULATO - PI E OS PROCEDIMENTOS DE INSPE\u00c7\u00c3O SANIT\u00c1RIA EM ESTABELECIMENTOS QUE PRODUZAM PRODUTOS E DE ORIGEM ANIMAL.  "}, {"id": "1", "ano": "2015", "numero": "2", "tipo__sigla": "REQ", "tipo__descricao": "Requerimento", "autoria": "Paulinho do Mulato", "texto_original": "http://sapl.jardimdomulato.pi.leg.br/media/", "ementa": "REQUERIMENTO SOLICITANDO AO PODER EXECUTIVO MUNICIPAL A IMPLANTA\u00c7\u00c3O DE ILUMINA\u00c7\u00c3O P\u00daBLICA NO ASSENTAMENTO PEDRA DE AMOLAR "}, {"id": "6", "ano": "2015", "numero": "10", "tipo__sigla": "REQ", "tipo__descricao": "Requerimento", "autoria": "Antonio Jose", "texto_original": "http://sapl.jardimdomulato.pi.leg.br/media/", "ementa": "REQUER A PRESEN\u00c7A DA TESOUREIRA DA C\u00c2MARA MUNICIPAL DE JARDIM DO MULATO PARA PRESTAR ESCLARECIMENTOS SOBRE PAGAMENTOS DOS VEREADORES\r\n"}, {"id": "7", "ano": "2015", "numero": "11", "tipo__sigla": "REQ", "tipo__descricao": "Requerimento", "autoria": "", "texto_original": "http://sapl.jardimdomulato.pi.leg.br/media/", "ementa": "REQUERIMENTO SOLICITANDO A CONDU\u00c7\u00c3O DA TESOUREIRA DA C\u00c2MARA MUNICIPAL "}]}